

    {"id":68795,"date":"2023-06-21T10:46:24","date_gmt":"2023-06-21T08:46:24","guid":{"rendered":"https:\/\/ms-contentfactory.srv.vocento.in\/contentfactorylocal\/?p=68795"},"modified":"2023-07-12T18:20:39","modified_gmt":"2023-07-12T16:20:39","slug":"despacho-de-abogados-2023","status":"publish","type":"post","link":"\/content-local\/despacho-de-abogados-2023\/","title":{"rendered":"Despacho de abogados 2023"},"content":{"rendered":"<p>[vc_row el_class=\u00bbcol-1-1 tablet-col-1-1&#8243;][vc_column el_class=\u00bbcol-1-1 tablet-col-1-1&#8243;]\n        <div class='fullimg principal'>\n            <div class='tituloemergente'>\n                <div class='grid grid-pad'>\n                    <a class='open-btn close-nav quees' href=''>\n                        <span class='p-content'>ESPECIAL DESPACHOS DE ABOGADOS<\/span>\n                    <\/a>\n                    <h1><strong>Profesionalidad y cercan\u00eda, rasgos distintivos de los mejores despachos de abogados<\/strong><p>La Regi\u00f3n de Murcia y la provincia de Alicante cuentan con algunos bufetes de referencia a nivel nacional<\/p><\/h1>\n                <\/div>\n            <\/div>\n        <figure class='videoPrincipal'><img src='\/content-local\/wp-content\/uploads\/sites\/10\/2023\/06\/Portada-abogados2.jpg'><\/figure><\/div>[\/vc_column][\/vc_row][vc_row centrar=\u00bbtrue\u00bb el_class=\u00bbgrid grid-pad\u00bb][vc_column el_class=\u00bbcol-1-1 tablet-col-1-1&#8243;]<div class='firmaRRSS '>\n       <div class='info'><address class='firmaAutor' data-autor='Enfoque'><img src=\"\"> Enfoque<\/address><time class='publicacion'>\n         21 junio, 2023 - 10:46<\/time><\/div>\n           <div class='compartir'><p>Compartir<\/p><ul>\n                <li class='facebook'>\n                            <a href='https:\/\/www.facebook.com\/sharer\/sharer.php?u=https:\/\/laverdad.es\/content-local\/despacho-de-abogados-2023\/' class='bcl-compartir-fb' data-voc-vtm-id='compartirrrss' data-voc-vtm-info='facebook' target='_blank' title='Compartelo en Facebook' rel='nofollow'>\n                        <i class='facebook'><\/i>\n                    <\/a>\n                <\/li><li class='twitter'>\n                    <a href='https:\/\/twitter.com\/intent\/tweet?text=https:\/\/laverdad.es\/content-local\/despacho-de-abogados-2023\/' class='bcl-compartir-tw twitter' data-voc-vtm-id='compartirrrss' data-voc-vtm-info='twitter' target='_blank' title='Compartelo en Twitter' rel='nofollow'>\n                        <i class='twitter'><\/i>\n                    <\/a>\n                <\/li><li class='whatsapp'>\n                    <a href='whatsapp:\/\/send?text=https:\/\/laverdad.es\/content-local\/despacho-de-abogados-2023\/' data-voc-vtm-id='compartirrrss' data-voc-vtm-info='whatsapp' class='whatsapp' target='_blank' title='Compartelo en whatsapp' rel='nofollow'>\n                        <i class='whatsapp'><\/i>\n                    <\/a>\n                <\/li>\n    \n    <\/ul><\/div><\/div>[\/vc_column][\/vc_row][vc_row centrar=\u00bbtrue\u00bb el_class=\u00bbgrid grid-pad\u00bb][vc_column el_class=\u00bbcol-10-12 tablet-col-1-1&#8243;]<p class=\"parrafocount\">Dar un servicio jur\u00eddico eficaz, oportuno, inmediato y personalizado a cada cliente con alta \u00e9tica profesional y transparencia, y a su vez, proporcionar tranquilidad y certeza durante los procesos jur\u00eddicos es el objetivo principal de los despachos de abogados.<\/p><p class='parrafocount'><p class='parrafocount'>La cercan\u00eda permite establecer un v\u00ednculo, una comunicaci\u00f3n directa y unos c\u00f3digos primordiales para canalizar el curso de los casos hacia el \u00e9xito de ambas partes.<\/p><p class='parrafocount'><p class='parrafocount'>La especializaci\u00f3n tambi\u00e9n marca un punto diferenciador a la hora de abordar cierta tipolog\u00eda de casos, tanto o igual como el compromiso adquirido de hacer que la terminolog\u00eda legal se convierta en un lenguaje accesible para el ciudadano medio. La escucha y la empat\u00eda son igualmente rasgos muy valorados por los clientes, dado que el p\u00fablico potencial deposita en los despachos de abogados todas sus esperanzas para resolver los conflictos.<\/p><p class='parrafocount'><p class='parrafocount'>Especializaci\u00f3n (familia, mercantil, laboral, civil, administrativo&#8230;), bagaje profesional y proximidad pueden hacer que un cliente se decante por solicitar los servicios de un abogado u otro, puesto que el particular quiere sentirse arropado, atendido y confiado en que est\u00e1 en buenas manos.<\/p><p class='parrafocount'><p class='parrafocount'>La zona del sureste espa\u00f1ol que engloba la Regi\u00f3n de Murcia y la provincia de Alicante cuenta con algunos de los despachos de abogados m\u00e1s reputados a nivel nacional. Una muestra de ellos es el hecho de que cuentan con una cartera de clientes fieles, lograda a base de esfuerzo, dedicaci\u00f3n y a\u00f1os de formaci\u00f3n continua, pues las leyes tambi\u00e9n van cambiando, para ir adquiriendo conocimientos actualizados y las habilidades necesarios para abordar cada caso con \u00e9xito.<\/p>[\/vc_column][\/vc_row][vc_row centrar=\u00bbtrue\u00bb el_class=\u00bbgrid grid-pad\u00bb][vc_column el_class=\u00bbcol-10-12 tablet-col-1-1&#8243;]\n        <h2 class=\"\">BERNABEU BORREGUERO ABOGADOS<\/h2>\n    [vc_single_image image=\u00bb68899&#8243; img_size=\u00bblarge\u00bb alignment=\u00bbcenter\u00bb]<p class=\"parrafocount\">\u00abSomos el despacho de abogados que necesitas\u00bb bien podr\u00eda ser el lema de Bernabeu Borreguero abogados, un despacho multidisciplinar joven, con sede en la localidad de Orihuela, e intervenci\u00f3n profesional en todos los partidos judiciales de las provincias de Alicante y Murcia.<\/p><p class='parrafocount'><p class='parrafocount'>A pesar de ser un despacho fundado hace 5 a\u00f1os, cuenta con una larga trayectoria profesional y amplia experiencia, especialmente en campos como el Derecho de Familia y Divorcios, Testamentos y Herencias, as\u00ed como en el sector de la Responsabilidad civil, Seguro y Tr\u00e1fico. Siendo destacable, su experiencia consolidada en el \u00e1mbito del Derecho Civil, Penal y Penitenciario en general.<\/p><p class='parrafocount'><p class='parrafocount'>\u00abNuestro principal objetivo, es que la firma contin\u00fae creciendo sobre la base de la transparencia, confianza, y trato personal, cercano y directo con el cliente. Si hay algo que nos caracteriza, es nuestra calidad humana\u00bb, se asegura desde la direcci\u00f3n de Bernabeu Borreguero abogados.<\/p><p class='parrafocount'><p class='parrafocount'>\u00abSomos conscientes, de que cuando una persona acude a un abogado, necesita, adem\u00e1s de una atenci\u00f3n inmediata, que se le plantee una soluci\u00f3n r\u00e1pida y tranquilizadora a sus preocupaciones e inquietudes\u00bb. Por ello, su primera actuaci\u00f3n consiste en escuchar al cliente, analizar y estudiar en profundidad el problema que les plantea, ofreci\u00e9ndole los posibles escenarios de acci\u00f3n (extrajudicial y\/o judicial), su viabilidad, costes y resultados. La honestidad es una de las cualidades m\u00e1s valoradas por sus clientes.<\/p><p class='parrafocount'><p class='parrafocount'>En Bernabeu Borreguero abogados, todos los clientes son exactamente igual de importantes y prioritarios. \u00abNuestros clientes, est\u00e1n continuamente informados de la marcha de su asunto, incluso cuando no hay novedades o cuando \u00e9ste ya ha sido resuelto, pues continuaremos inform\u00e1ndoles de cualquier cambio legislativo, doctrinal o jurisprudencial que consideremos pueda afectarles o serles \u00fatil para mejorar su situaci\u00f3n anterior, presente o futura. Nuestro compromiso con el cliente no acaba con la resoluci\u00f3n de su problema\u00bb, aseguran.<\/p><p class='parrafocount'><p class='parrafocount'>Apostando siempre por una formaci\u00f3n impecable, Bernabeu Borreguero abogados, dispone de un equipo t\u00e9cnico altamente cualificado, especializado, y actualizado, lo que les permite mantenerse fielmente, como hasta ahora, en la vanguardia de los \u00e1mbitos del Derecho que dominan, y de los que son grandes expertos.<\/p><p class='parrafocount'><p class='parrafocount'>Gracias a su disciplina, t\u00e9cnica, rigor y perseverancia, Bernabeu Borreguero abogados, consigue ofrecer soluciones con el m\u00e1ximo acierto. M\u00e1s de 10 a\u00f1os de exitosa trayectoria profesional avalan a este despacho de especial referencia.<\/p><p class=\"parrafocount\"><strong>M\u00e1s informaci\u00f3n:<\/strong><\/p><p class='parrafocount'><p class='parrafocount'><strong>Direcci\u00f3n:<\/strong> Calle L\u00f3pez Pozas, 9, bajo, 03300, Orihuela (Alicante)<\/p><p class='parrafocount'><p class='parrafocount'><strong>Tel\u00e9fono:<\/strong> 675.86.93.06<\/p><p class='parrafocount'><p class='parrafocount'><strong>Mail:<\/strong> info@bernabeuborregueroabogados.com<\/p><p class='parrafocount'><p class='parrafocount'><strong>Web: <\/strong><a href=\"https:\/\/bernabeuborregueroabogados.com\/blog\/\">https:\/\/bernabeuborregueroabogados.com\/blog\/<\/a><\/p><p class='parrafocount'><p class='parrafocount'><strong>Facebook:<\/strong> <a href=\"https:\/\/www.facebook.com\/bernabeuborregueroabogados\" rel=\"sponsored\">https:\/\/www.facebook.com\/bernabeuborregueroabogados<\/a><\/p><p class='parrafocount'><p class='parrafocount'><strong>Instagram:<\/strong> <a href=\"https:\/\/www.instagram.com\/bernabeuborregueroabogados\/\" rel=\"sponsored\">https:\/\/www.instagram.com\/bernabeuborregueroabogados\/<\/a><\/p><p class='parrafocount'><p class='parrafocount'><strong>Twitter:<\/strong> <a href=\"https:\/\/twitter.com\/abogados_bba\" rel=\"sponsored\">https:\/\/twitter.com\/abogados_bba<\/a><\/p><p class='parrafocount'><p class='parrafocount'>&nbsp;<\/p><p class='parrafocount'><p class='parrafocount'>&nbsp;<\/p><p class='parrafocount'><p class='parrafocount'><\/p>\n        <h2 class=\"\">OLIVER &amp; GALO<\/h2>\n    [vc_single_image image=\u00bb69757&#8243; img_size=\u00bblarge\u00bb alignment=\u00bbcenter\u00bb]<p class=\"parrafocount\">La firma Oliver &amp; Galo nace en 1998 fundada por Jos\u00e9 Andr\u00e9s Garc\u00eda Oliver y por Elvira S\u00e1nchez Galo en Murcia, con una vocaci\u00f3n generalista que aborda las diferentes \u00e1reas del Derecho.<\/p><p class='parrafocount'><p class='parrafocount'>Actualmente, este despacho est\u00e1 compuesto por cuatro letrados en ejercicio, con amplia experiencia en la pr\u00e1ctica judicial y extrajudicial y por un elenco formado por los mejores profesionales externos que ayudan al bufete en aquellas \u00e1reas que necesitan un asesoramiento especial para poder dar el mejor de los servicios a sus clientes.<\/p><p class='parrafocount'><p class='parrafocount'><strong>Jos\u00e9 Andr\u00e9s Garc\u00eda Oliver:<\/strong><\/p><p class='parrafocount'><p class='parrafocount'>Es fundador y director gerente del despacho. Licenciado en Derecho por la Universidad de Murcia, Letrado en ejercicio del Ilustre Colegio de Abogados de Murcia. Adscrito como miembro de \u00e1rbitros de la Corte Arbitral de Murcia. Especialista en Derecho Penal y Laboral.<\/p><p class='parrafocount'><p class='parrafocount'>Su actuaci\u00f3n se centra fundamentalmente en materia de Derecho Mercantil, Penal y Laboral.<\/p><p class='parrafocount'><p class='parrafocount'><strong>Elvira S\u00e1nchez Galo:<\/strong><\/p><p class='parrafocount'><p class='parrafocount'>Es fundadora y gerente del despacho de Murcia. Licenciada en Derecho por la Universidad de Murcia, Letrada en ejercicio del Ilustre Colegio de Abogados de Murcia. Adscrita como miembro al elenco de \u00e1rbitros de la Corte Arbitral de Murcia y del turno de Administradores Concursales de Murcia.<\/p><p class='parrafocount'><p class='parrafocount'>Es especialista en Derecho de Familia, Sucesiones y Derecho Concursal. Su actuaci\u00f3n se centra en asuntos relacionados con el Derecho Civil, Derecho de Familia, Derecho Can\u00f3nico y Sucesiones.<\/p><p class='parrafocount'><p class='parrafocount'><strong>Sergio Hern\u00e1ndez Due\u00f1as:<\/strong><\/p><p class='parrafocount'><p class='parrafocount'>Asociado. Adscrito al Despacho de Almorad\u00ed. Licenciado en Derecho por la Universidad de Alicante, Letrado en ejercicio del Ilustre Colegio de Abogados de Orihuela.<\/p><p class='parrafocount'><p class='parrafocount'>Especialista en Propiedad Horizontal y Derecho de propiedad. Administrador de Fincas colegiado en el Consejo General de Colegios de Administradores de Fincas de Espa\u00f1a.<\/p><p class='parrafocount'><p class='parrafocount'><strong>Davinia Mar\u00eda L\u00f3pez L\u00f3pez:<\/strong><\/p><p class='parrafocount'><p class='parrafocount'>Adscrita al despacho de Almorad\u00ed. Licenciada en Derecho por la Universidad de Alicante, Letrada en ejercicio del Ilustre Colegio de Abogados de Orihuela.<br \/><p class='parrafocount'>Especialista en Propiedad Horizontal y Reclamaciones civiles y patrimoniales.<\/p><p class='parrafocount'><p class='parrafocount'><strong>Colaboradores externos<\/strong><\/p><p class='parrafocount'><p class='parrafocount'>Siendo una de las caracter\u00edsticas del despacho Oliver &amp; Galo la especialidad, se hace preciso contar con los conocimientos, no siempre jur\u00eddicos, de otros profesionales; por lo que cuenta con colaboradores externos que en sus respectivas especialidades, asesoran y prestan ayuda al bufete. Estos colaboradores son de vital importancia para poder ejercer del mejor modo la defensa y asistencia jur\u00eddica de los asuntos encomendados por los clientes: especialistas en Medicina y Valoraci\u00f3n del da\u00f1o corporal, Arquitectos, Aparejadores, Ingenieros especialistas en valoraci\u00f3n de patolog\u00edas y peritaciones\u2026.etc.<\/p><p class='parrafocount'><p class='parrafocount'>&nbsp;<\/p><p class='parrafocount'><p class='parrafocount'><\/p><p class=\"parrafocount\"><strong>M\u00e1s informaci\u00f3n:<\/strong><\/p><p class='parrafocount'><p class='parrafocount'><strong>Direcci\u00f3n Murcia<\/strong><br \/><p class='parrafocount'>Oliver&amp;Galo<br \/><p class='parrafocount'>C\/ Mariano Vergara, 25-1\u00baC, 30003 Murcia<br \/><p class='parrafocount'>96 824 28 41<br \/><p class='parrafocount'>96 824 28 41<br \/><p class='parrafocount'>murcia@oliverygaloabogados.com<\/p><p class='parrafocount'><p class='parrafocount'><strong>Direcci\u00f3n Almorad\u00ed<\/strong><br \/><p class='parrafocount'>Oliver&amp;Galo<br \/><p class='parrafocount'>C\/ Dr. Sirvent, 10, 03160 ALMORADI<br \/><p class='parrafocount'>96 570 02 47<br \/><p class='parrafocount'>96 678 17 72<br \/><p class='parrafocount'>almoradi@oliverygaloabogados.com<\/p><p class='parrafocount'><p class='parrafocount'>&nbsp;<\/p><p class='parrafocount'><p class='parrafocount'>&nbsp;<\/p><p class='parrafocount'><p class='parrafocount'>&nbsp;<\/p><p class='parrafocount'><p class='parrafocount'><\/p>\n        <h2 class=\"\">CUMLEX ABOGADOS<\/h2>\n    [vc_single_image image=\u00bb69279&#8243; img_size=\u00bblarge\u00bb alignment=\u00bbcenter\u00bb]<p class=\"parrafocount\">Cumlex Abogados es un despacho comprometido y altamente especializado en la reclamaci\u00f3n por los da\u00f1os ocasionados en <a href=\"https:\/\/www.cumlexabogados.com\/accidentes-trafico-alicante\/\">accidentes de tr\u00e1fico<\/a> con sede en Elche, Benidorm y Torrevieja, con \u00e1mbito de actuaci\u00f3n en toda la provincia de Alicante y Valencia. Ofrece un asesoramiento integral a las v\u00edctimas de accidentes de tr\u00e1fico, tanto para la reclamaci\u00f3n de los da\u00f1os y perjuicios ocasionados, como para sanidad del perjudicado con un trato cercano a la v\u00edctima y en el que se otorga una gran importancia tanto a la recuperaci\u00f3n de las lesiones como a la indemnizaci\u00f3n que pueda corresponder.<\/p><p class='parrafocount'><p class='parrafocount'><strong>\u00bfQu\u00e9 hacer tras sufrir un accidente de tr\u00e1fico?<\/strong><br \/><p class='parrafocount'>Existen diversas posibilidades, <strong>si hay conformidad<\/strong> entre las partes se elaborar\u00e1 el <strong>parte amistos<\/strong>o de la manera m\u00e1s clara y con los m\u00e1ximos datos posibles sobre la din\u00e1mica del accidente, lesionados y da\u00f1os materiales. En caso de <strong>disconformidad<\/strong> se contactar\u00e1 con Polic\u00eda Local (si es en ciudad) o Guardia civil (si es fuera de poblado o n\u00facleo rural) quienes elaborar\u00e1n el correspondiente informe de <strong>Atestado<\/strong>.<\/p><p class='parrafocount'><p class='parrafocount'><strong>\u00bfQui\u00e9n puede solicitar ser indemnizado por los da\u00f1os y perjuicios sufridos en un accidente de tr\u00e1fico?<\/strong><br \/><p class='parrafocount'>Podr\u00e1n solicitar dicha indemnizaci\u00f3n el conductor del veh\u00edculo no responsable, los diferentes ocupantes del mismo, el peat\u00f3n si se trata de un atropello y los herederos del causante en caso de fallecimiento.<\/p><p class='parrafocount'><p class='parrafocount'><strong>\u00bfQu\u00e9 procedimientos existen para reclamar la indemnizaci\u00f3n correspondiente por los da\u00f1os sufridos en un accidente de tr\u00e1fico? \u00bfy cuanto tiempo tengo para reclamar?<\/strong><br \/><p class='parrafocount'><strong>Reclamaci\u00f3n extrajudicial<\/strong>\u00a0a la aseguradora con el objeto de llegar a un acuerdo indemnizatorio, esta reclamaci\u00f3n es recomendable realizarla siempre con abogados especialistas en accidentes de tr\u00e1fico. <strong>Reclamaci\u00f3n Judicial<\/strong>, esta reclamaci\u00f3n puede realizarse en determinados casos por <em>v\u00eda Penal<\/em> mediante denuncia en la que el perjudicado ser\u00e1 examinado por un m\u00e9dico forense, o tambi\u00e9n cabe la posibilidad realizar demanda por <em>v\u00eda Civi<\/em><em>l<\/em> mediante demanda. En caso de tratarse exclusivamente de da\u00f1os materiales la posibilidad de reclamaci\u00f3n se reduce a Extrajudicial o v\u00eda Civil.<br \/><p class='parrafocount'>El tiempo para reclamar ser\u00e1 de <strong>UN A\u00d1O<\/strong> desde el momento del accidente o la curaci\u00f3n del lesionado.<\/p><p class='parrafocount'><p class='parrafocount'><strong>\u00bfQu\u00e9 se debe indemnizar tras un accidente de tr\u00e1fico?<\/strong><br \/><p class='parrafocount'>Da\u00f1os materiales, la incapacidad temporal sufrida por parte del lesionado, las secuelas derivadas del accidente, indemnizaci\u00f3n por las intervenciones quir\u00fargicas sufridas, gastos soportados y por supuesto lucro cesante presente o futuros.<\/p><p class='parrafocount'><p class='parrafocount'><strong>\u00bfPor qu\u00e9 debo de contratar con los servicios jur\u00eddicos de Cumlex Abogados?<\/strong><br \/><p class='parrafocount'>Cumlex Abogados es un despacho especializado en la reclamaci\u00f3n de indemnizaciones para v\u00edctimas de accidentes de tr\u00e1fico que le ofrecer\u00e1 un trato cercano, teniendo un conocimiento pleno tanto de la normativa como de la jurisprudencia relativa a las indemnizaciones. Una de sus finalidades es y en colaboraci\u00f3n con un n\u00famero elevado de especialistas de la sanidad y tratamiento de rhb que el lesionado se recupere de la mejor manera de sus lesiones as\u00ed como de alcanzar la m\u00e1s alta indemnizaci\u00f3n posible.<\/p><p class='parrafocount'><p class='parrafocount'>Adem\u00e1s, nuestra intervenci\u00f3n y gastos sanitarios no supondr\u00e1n un coste adicional para sus clientes, pues sus servicios suelen ser en la gran mayor\u00eda de los casos directamente abonados por su compa\u00f1\u00eda aseguradora conforme a convenios, cobertura de Defensa Jur\u00eddica y libre elecci\u00f3n de abogado.<br \/><p class='parrafocount'>Por todo ello no dude, \u00abll\u00e1menos y nos pondremos manos a la obra, somos su bufete de confianza, usted s\u00f3lo tendr\u00e1 que preocuparse por recuperarse de su accidente nosotros haremos el resto\u00bb.<\/p><p class=\"parrafocount\"><strong>M\u00e1s informaci\u00f3n:<\/strong><\/p><p class='parrafocount'><p class='parrafocount'><strong>Elche:<\/strong><br \/><p class='parrafocount'>C\/ Oscar Espl\u00e1 14, esq. Blas Valero. 03201 Elche (Alicante)<br \/><p class='parrafocount'>Tfno: 96 616 33 30 \u2013 685 80 49 21 Fax: 966163331<\/p><p class='parrafocount'><p class='parrafocount'><strong>Torrevieja:<\/strong><br \/><p class='parrafocount'>Paseo Vistalegre 6, entlo. 2, 03181 Torrevieja (Alicante)<br \/><p class='parrafocount'>Tfno: 96 616 33 30 \u2013 685 80 49 21 Fax: 966163331<\/p><p class='parrafocount'><p class='parrafocount'><strong>Benidorm<\/strong><br \/><p class='parrafocount'>C\/del Marte, 1 (edificio Joymar) 03501 Benidorm (Alicante)<br \/><p class='parrafocount'>Tfno: 96 616 33 30 \u2013 685 80 49 21 Fax: 966163331<\/p><p class='parrafocount'><p class='parrafocount'><strong>Web:<\/strong> <a href=\"https:\/\/www.cumlexabogados.com\/accidentes-trafico-alicante\/\">https:\/\/www.cumlexabogados.com\/accidentes-trafico-alicante\/<\/a><\/p><p class='parrafocount'><p class='parrafocount'>&nbsp;<\/p><p class='parrafocount'><p class='parrafocount'>&nbsp;<\/p><p class='parrafocount'><p class='parrafocount'>&nbsp;<\/p><p class='parrafocount'><p class='parrafocount'><\/p>\n        <h2 class=\"\">Somnium Legal<\/h2>\n    [vc_single_image image=\u00bb69280&#8243; img_size=\u00bblarge\u00bb alignment=\u00bbcenter\u00bb]<p class=\"parrafocount\">Somnium Legal es un despacho jur\u00eddico experto en derecho mercantil, inmobiliario, civil, penal y extranjer\u00eda. Adem\u00e1s, este bufete de referencia cuenta con asesor\u00eda fiscal, contable y laboral, siendo, a su vez, Gestores Administrativos especializados en tr\u00e1fico.<\/p><p class='parrafocount'><p class='parrafocount'>Este despacho destaca por contar entre sus profesionales cualificados con abogados y economistas capaces de atender a sus clientes en cualquier idioma que precisen, siempre transmitiendo cercan\u00eda y proximidad. \u00abEstaremos encantados de ayudarte con cualquier problema de indole legal que puedas tener\u00bb, aseguran desde la direcci\u00f3n de Somnium Legal, que cuenta con una cartera de clientes fiel y en continuo crecimiento dada la confianza que despierta su servicio.<\/p><p class='parrafocount'><p class='parrafocount'>Adem\u00f1as, a\u00f1aden que \u00absi tienes intenci\u00f3n de adquirir una vivienda en la costa mediterr\u00e1nea, te ofrecemos el mejor asesoramiento en la materia, para que \u00fanicamente tengas que preocuparte de disfrutar de tu nuevo hogar\u00bb.<\/p><p class='parrafocount'><p class='parrafocount'>\u00abNo lo dudes, contacta con nosotros, <strong>primera visita gratuita<\/strong>\u00ab.<\/p><p class=\"parrafocount\"><strong>M\u00e1s informaci\u00f3n:<\/strong><\/p><p class='parrafocount'><p class='parrafocount'><strong>Direcci\u00f3n:<\/strong><\/p><p class='parrafocount'><p class='parrafocount'>Oficina Dehesa de Campoamor<br \/><p class='parrafocount'>Calle Palmera del Desierto n\u00ba 169AC Local 4 Centro Comercial Mil Palmeras, 03191 Dehesa de Campoamor, Alicante<\/p><p class='parrafocount'><p class='parrafocount'>Oficina Alicante<br \/><p class='parrafocount'>Calle Capillas, n\u00ba 1 Orihuela (Alicante) CP 03300<\/p><p class='parrafocount'><p class='parrafocount'><strong>Tel\u00e9fono:<\/strong> 966 82 04 61<\/p><p class='parrafocount'><p class='parrafocount'><strong>Web: <\/strong><a href=\"http:\/\/somniumlegal.com\" rel=\"sponsored\">somniumlegal.com<\/a><\/p><p class='parrafocount'><p class='parrafocount'>&nbsp;<\/p><p class='parrafocount'><p class='parrafocount'>&nbsp;<\/p><p class='parrafocount'><p class='parrafocount'>&nbsp;<\/p><p class='parrafocount'><p class='parrafocount'><\/p>\n        <h2 class=\"\">NICOL\u00c1S SANZ BERNA<\/h2>\n    [vc_single_image image=\u00bb69053&#8243; img_size=\u00bblarge\u00bb alignment=\u00bbcenter\u00bb]<p class=\"parrafocount\">Licenciado en Derecho por la Universidad de Alicante y M\u00e1ster en Asesor\u00eda Laboral de Empresas por la Fundesem Business School (FBS), es abogado en activo desde el a\u00f1o 2019. Sin embargo, comenz\u00f3 su andadura en el a\u00f1o 2017 asistiendo a diversos profesionales del sector de la abogac\u00eda.<\/p><p class='parrafocount'><p class='parrafocount'>Desarrolla su labor como profesional abarcando distintos campos del Derecho como el <strong>Civil<\/strong> (accidentes de tr\u00e1fico, divorcios, reclamaciones de cantidad), el <strong>Penal<\/strong> (violencia de g\u00e9nero, asistencia al detenido, defensa\/acusaci\u00f3n en procesos penales), y, en especial, el <strong>Derecho Laboral<\/strong> <strong>y de la Seguridad Social<\/strong>; rama en la cual se halla ampliamente especializado ofreciendo asesoramiento integral tanto a trabajadores como a empresas, ya sea en todo lo concerniente a la relaci\u00f3n que une a ambos, como en lo relativo a las relaciones que se producen entre aqu\u00e9llos con la Seguridad Social y con los distintos organismos que componen la Administraci\u00f3n P\u00fablica. Asuntos como accidentes de trabajo, incapacidades, jubilaciones, determinaciones de contingencias, bajas m\u00e9dicas y prestaciones por desempleo, son algunos de entre los muchos que este profesional lleva a cabo, adem\u00e1s de los que son propios de las relaciones laborales, como reclamaciones de cantidad, despidos, conciliaci\u00f3n de la vida laboral y familiar, excedencias, vacaciones, etc.<\/p><p class='parrafocount'><p class='parrafocount'>De igual modo, ejerce su actividad con car\u00e1cter independiente en su despacho profesional ubicado en la localidad de Albatera (Calle Virgen de los Dolores, n.\u00ba 13), y en la localidad de Elche, donde est\u00e1 prevista para el pr\u00f3ximo mes de septiembre la apertura del despacho ubicado en Plaza Reyes Cat\u00f3licos, n.\u00ba 15, 1\u00ba de dicha ciudad. Asimismo, presta colaboraci\u00f3n profesional para distintos despachos profesionales ubicados en Alicante, Orihuela y Murcia. As\u00ed, su \u00e1mbito territorial de actuaci\u00f3n se extiende desde la Provincia de Alicante hasta la Regi\u00f3n de Murcia, y, en esencia, a la comarca de la Vega Baja del Segura y del Baix Vinalop\u00f3.<\/p><p class='parrafocount'><p class='parrafocount'>Se caracteriza por el compromiso y profesionalidad que deposita en cada uno de los asuntos que se le conf\u00edan, ofreciendo como valor la profunda especializaci\u00f3n en las distintas \u00e1reas del derecho ya mencionadas, y que otorgan, sin g\u00e9nero de duda, la tranquilidad y confianza que todo cliente merece.<\/p><p class=\"parrafocount\"><strong>M\u00e1s informaci\u00f3n:<\/strong><\/p><p class='parrafocount'><p class='parrafocount'><strong>Direcci\u00f3n:<\/strong><\/p><p class='parrafocount'><p class='parrafocount'>Despacho Albatera<br \/><p class='parrafocount'>Calle Virgen de los Dolores, n.\u00ba 13<br \/><p class='parrafocount'>Despacho Elche<br \/><p class='parrafocount'>Plaza Reyes Cat\u00f3licos, n.\u00ba 15, 1\u00ba<\/p><p class='parrafocount'><p class='parrafocount'><strong>Tel\u00e9fono:<\/strong> 639 63 13 00<\/p><p class='parrafocount'><p class='parrafocount'><strong>Horario:<\/strong> De Lunes a Jueves: 9H &#8211; 14H \/ 16H &#8211; 19H y Viernes: 9H &#8211; 15H<\/p><p class='parrafocount'><p class='parrafocount'><strong>e-mail: <\/strong>nicolas.is.abogados@gmail.com<\/p><p class='parrafocount'><p class='parrafocount'><strong>Linkedin:<\/strong> <a href=\"https:\/\/www.linkedin.com\/in\/nicol%C3%A1s-sanz-berna-388146151\">Nicol\u00e1s Sanz Berna<\/a><\/p><p class='parrafocount'><p class='parrafocount'>&nbsp;<\/p><p class='parrafocount'><p class='parrafocount'>&nbsp;<\/p><p class='parrafocount'><p class='parrafocount'><\/p>[\/vc_column][\/vc_row][vc_row centrar=\u00bbtrue\u00bb el_class=\u00bbgrid grid-pad\u00bb][vc_column el_class=\u00bbcol-1-1 tablet-col-1-1&#8243;]\n        <div class='bloque'>\n         <div class='compartir'><p>Compartir<\/p><ul>\n                <li class='facebook'>\n                            <a href='https:\/\/www.facebook.com\/sharer\/sharer.php?u=https:\/\/laverdad.es' class='bcl-compartir-fb' target='_blank' title='Compartelo en Facebook' rel='nofollow'>\n                        <i class='facebook'><\/i>\n                    <\/a>\n                <\/li><li class='twitter'>\n                    <a href='https:\/\/twitter.com\/intent\/tweet?text=https:\/\/laverdad.es' class='bcl-compartir-tw twitter' target='_blank' title='Compartelo en Twitter' rel='nofollow'>\n                        <i class='twitter'><\/i>\n                    <\/a>\n                <\/li><li class='whatsapp'>\n                    <a href='whatsapp:\/\/send?text=https:\/\/laverdad.es' class='whatsapp' target='_blank' title='Compartelo en whatsapp' rel='nofollow'>\n                        <i class='whatsapp'><\/i>\n                    <\/a>\n                <\/li>\n                   <\/ul><\/div>\n        <div class='pie-ad '>\n            <p>Contenido editado por\u00a0<strong>Enfoque Comunicaci\u00f3n<\/strong>. En su elaboraci\u00f3n no ha intervenido la redacci\u00f3n de este medio.<\/p>\n        <\/div><\/div>[\/vc_column][\/vc_row]<\/p>\n","protected":false},"excerpt":{"rendered":"<p>[vc_row el_class=\u00bbcol-1-1 tablet-col-1-1&#8243;][vc_column el_class=\u00bbcol-1-1 tablet-col-1-1&#8243;][\/vc_column][\/vc_row][vc_row centrar=\u00bbtrue\u00bb el_class=\u00bbgrid grid-pad\u00bb][vc_column el_class=\u00bbcol-1-1 tablet-col-1-1&#8243;][\/vc_column][\/vc_row][vc_row centrar=\u00bbtrue\u00bb el_class=\u00bbgrid grid-pad\u00bb][vc_column el_class=\u00bbcol-10-12 tablet-col-1-1&#8243;][\/vc_column][\/vc_row][vc_row centrar=\u00bbtrue\u00bb el_class=\u00bbgrid grid-pad\u00bb][vc_column el_class=\u00bbcol-10-12 tablet-col-1-1&#8243;][vc_single_image image=\u00bb68899&#8243; img_size=\u00bblarge\u00bb alignment=\u00bbcenter\u00bb][vc_single_image image=\u00bb69757&#8243; img_size=\u00bblarge\u00bb alignment=\u00bbcenter\u00bb][vc_single_image image=\u00bb69279&#8243; img_size=\u00bblarge\u00bb alignment=\u00bbcenter\u00bb][vc_single_image image=\u00bb69280&#8243; img_size=\u00bblarge\u00bb alignment=\u00bbcenter\u00bb][vc_single_image image=\u00bb69053&#8243; img_size=\u00bblarge\u00bb alignment=\u00bbcenter\u00bb][\/vc_column][\/vc_row][vc_row centrar=\u00bbtrue\u00bb el_class=\u00bbgrid grid-pad\u00bb][vc_column el_class=\u00bbcol-1-1 tablet-col-1-1&#8243;][\/vc_column][\/vc_row]<\/p>\n","protected":false},"author":19,"featured_media":0,"comment_status":"open","ping_status":"open","sticky":false,"template":"","format":"standard","meta":[],"categories":[1],"tags":[],"acf":[],"_links":{"self":[{"href":"\/content-local\/wp-json\/wp\/v2\/posts\/68795"}],"collection":[{"href":"\/content-local\/wp-json\/wp\/v2\/posts"}],"about":[{"href":"\/content-local\/wp-json\/wp\/v2\/types\/post"}],"author":[{"embeddable":true,"href":"\/content-local\/wp-json\/wp\/v2\/users\/19"}],"replies":[{"embeddable":true,"href":"\/content-local\/wp-json\/wp\/v2\/comments?post=68795"}],"version-history":[{"count":21,"href":"\/content-local\/wp-json\/wp\/v2\/posts\/68795\/revisions"}],"predecessor-version":[{"id":70698,"href":"\/content-local\/wp-json\/wp\/v2\/posts\/68795\/revisions\/70698"}],"wp:attachment":[{"href":"\/content-local\/wp-json\/wp\/v2\/media?parent=68795"}],"wp:term":[{"taxonomy":"category","embeddable":true,"href":"\/content-local\/wp-json\/wp\/v2\/categories?post=68795"},{"taxonomy":"post_tag","embeddable":true,"href":"\/content-local\/wp-json\/wp\/v2\/tags?post=68795"}],"curies":[{"name":"wp","href":"https:\/\/api.w.org\/{rel}","templated":true}]}}