

    {"id":4839,"date":"2021-05-24T09:11:04","date_gmt":"2021-05-24T09:11:04","guid":{"rendered":"https:\/\/ms-contentfactory.srv.vocento.in\/contentfactorylocal\/?p=4839"},"modified":"2021-05-28T12:12:56","modified_gmt":"2021-05-28T12:12:56","slug":"la-escuela-de-turismo-renueva-su-identidad","status":"publish","type":"post","link":"\/content-local\/la-escuela-de-turismo-renueva-su-identidad\/","title":{"rendered":"La Escuela de Turismo renueva su identidad"},"content":{"rendered":"<p>[vc_row el_class=\u00bbcol-1-1 tablet-col-1-1&#8243;][vc_column el_class=\u00bbcol-1-1 tablet-col-1-1&#8243;]\n        <div class='fullimg principal'>\n            <div class='tituloemergente'>\n                <div class='grid grid-pad'>\n                    <a class='open-btn close-nav quees' href=''>\n                        <span class='p-content'>The Open Faculty<\/span>\n                    <\/a>\n                    <h1><strong>La Escuela de Turismo renueva su identidad con el nuevo nombre The Open Faculty <\/strong><p>El cambio por el cambio no es importante, el cambio a mejor s\u00ed.<\/p><\/h1>\n                <\/div>\n            <\/div>\n        <figure class='videoPrincipal'><img src='\/content-local\/wp-content\/uploads\/sites\/10\/2021\/05\/Alumnos-Nueva-BUENA-ID.jpg'><\/figure><\/div>[\/vc_column][\/vc_row][vc_row centrar=\u00bbtrue\u00bb el_class=\u00bbgrid grid-pad\u00bb][vc_column el_class=\u00bbcol-1-1 tablet-col-1-1&#8243;]<div class='firmaRRSS '>\n       <div class='info'><address class='firmaAutor' data-autor='EFQ'><img src=\"\"> EFQ<\/address><time class='publicacion'>\n         24 mayo, 2021 - 9:11<\/time><\/div>\n           <div class='compartir'><p>Compartir<\/p><ul>\n                <li class='facebook'>\n                            <a href='https:\/\/www.facebook.com\/sharer\/sharer.php?u=https:\/\/laverdad.es\/content-local\/la-escuela-de-turismo-renueva-su-identidad\/' class='bcl-compartir-fb' data-voc-vtm-id='compartirrrss' data-voc-vtm-info='facebook' target='_blank' title='Compartelo en Facebook' rel='nofollow'>\n                        <i class='facebook'><\/i>\n                    <\/a>\n                <\/li><li class='twitter'>\n                    <a href='https:\/\/twitter.com\/intent\/tweet?text=https:\/\/laverdad.es\/content-local\/la-escuela-de-turismo-renueva-su-identidad\/' class='bcl-compartir-tw twitter' data-voc-vtm-id='compartirrrss' data-voc-vtm-info='twitter' target='_blank' title='Compartelo en Twitter' rel='nofollow'>\n                        <i class='twitter'><\/i>\n                    <\/a>\n                <\/li><li class='whatsapp'>\n                    <a href='whatsapp:\/\/send?text=https:\/\/laverdad.es\/content-local\/la-escuela-de-turismo-renueva-su-identidad\/' data-voc-vtm-id='compartirrrss' data-voc-vtm-info='whatsapp' class='whatsapp' target='_blank' title='Compartelo en whatsapp' rel='nofollow'>\n                        <i class='whatsapp'><\/i>\n                    <\/a>\n                <\/li>\n    \n    <\/ul><\/div><\/div>[\/vc_column][\/vc_row][vc_row centrar=\u00bbtrue\u00bb el_class=\u00bbgrid grid-pad\u00bb][vc_column el_class=\u00bbcol-10-12 tablet-col-1-1&#8243;]<p class=\"parrafocount\">La elecci\u00f3n de la carrera universitaria no es un tema balad\u00ed. La llegada de estas fechas viene acompa\u00f1ada para muchos estudiantes de una toma de decisi\u00f3n que marcar\u00e1 sus pr\u00f3ximos a\u00f1os y los enfocar\u00e1 hacia determinados sectores profesionales. Es en estos momentos cuando los apasionados de los viajes y los idiomas, entre otros aspectos, tienden a seleccionar aquellas carreras que les aporten grandes salidas laborales y que se engloben en sectores\u00a0con proyecci\u00f3n de crecimiento econ\u00f3mico como son las relaciones internacionales y el turismo.<\/p><p class='parrafocount'><p class='parrafocount'>En este \u00e1mbito, Murcia cuenta con un Centro Universitario pionero que ha formado a los mejores profesionales del sector y los ha impulsado a ocupar puestos de relevancia a nivel mundial.<\/p>[\/vc_column][\/vc_row][vc_row centrar=\u00bbtrue\u00bb el_class=\u00bbgrid grid-pad\u00bb][vc_column el_class=\u00bbcol-10-12 tablet-col-1-1&#8243;]<p class=\"parrafocount\">La Escuela de Turismo de Murcia es una instituci\u00f3n privada que naci\u00f3 en 1965 en Murcia y que ha sido una de las primeras a nivel europeo en formar en estudios tur\u00edsticos. Desde entonces, ha ido ampliando la formaci\u00f3n ofertada en la inicialmente llamada <strong>Escuela de Turismo<\/strong>, posterior <strong>Escuela Universitaria (EUTM<\/strong>) y la \u00faltima reconocida <strong>Facultad de Turismo<\/strong>. En la \u00faltima d\u00e9cada, han implantado nuevos estudios en el \u00e1mbito de las Relaciones Internacionales adem\u00e1s de seminarios sobre Amadeus, Gesti\u00f3n de Festivales y M\u00fasica en Directo, Analista de Inteligencia\u2026 entre otros. Ante esta transformaci\u00f3n, la actual direcci\u00f3n (integrada por Pilar L\u00f3pez, Onofre Mart\u00ednez, Jes\u00fas Pacheco y la Decana Maribel S\u00e1nchez-Mora) han visto oportuno impulsar el esp\u00edritu del Centro a trav\u00e9s de una renovaci\u00f3n de la imagen. \u201c Este esp\u00edritu de apertura, adaptaci\u00f3n y expansi\u00f3n es lo que queremos que la comunidad piense y sienta cuando vea nuestra evolucionada y renovada instituci\u00f3n \u201c , afirma Onofre Mart\u00ednez.<\/p>[vc_single_image image=\u00bb4897&#8243; img_size=\u00bbfull\u00bb add_caption=\u00bbyes\u00bb alignment=\u00bbcenter\u00bb]\n        <blockquote class=\"izquierda \">\n\t\t<p class=\"parrafocount\">El plazo de preinscripci\u00f3n de grados es del 8 al 28 de junio, y del m\u00e1ster del 19 de junio al 11 de julio.<\/p>\n        <address><\/address>\n\t\t<\/blockquote>\n    <p class=\"parrafocount\">Este proceso de expansi\u00f3n se ha hecho con la conformidad de la Universidad de Murcia, ya que este centro es sede de la Facultad de Turismo, \u00abpor lo que todos los alumnos son estudiantes de pleno derecho de la UMU\u00bb, apunta la Decana, Maribel S\u00e1nchez-Mora. Esta adscripci\u00f3n lleva vigente desde hace m\u00e1s de 20 a\u00f1os, lo que aporta un valor a\u00f1adido a los alumnos del Grado en Turismo y Grado en Relaciones Internacionales, que disfrutan de los beneficios de estudiar en un centro universitario privado y de las ventajas de la universidad p\u00fablica a la vez.<\/p>\n        <h2 class=\"\">Apertura de horizontes en la nueva facultad<\/h2>\n    <p class=\"parrafocount\">Hace m\u00e1s de medio siglo, los fundadores del Centro visionaron y crearon un espacio desde el que aportar conocimiento y talento a \u00e1mbitos socioecon\u00f3micos con proyecci\u00f3n como el turismo. Esta idea que se mantiene ha generado la implantaci\u00f3n del Grado en Relaciones Internacionales, lo cual ha potenciado con autenticidad su misi\u00f3n.<\/p><p class=\"parrafocount\">Adem\u00e1s, el Centro se ha ubicado en un nuevo edificio con amplitud de instalaciones que forman parte de un plan de innovaci\u00f3n y desarrollo que facilita esa apertura a nuevas disciplinas desde las que emplear m\u00e1s y mejor al talento que forman. Asimismo, \u201cBuscamos ampliar horizontes con nuevas \u00e1reas de formaci\u00f3n para sumergir al alumno en el aprendizaje m\u00e1s actual impartido por un equipo de expertos, entusiasta, y multidisciplinar con el que compartir el conocimiento, que es lo que les hace evolucionar y avanzar juntos\u201d como se\u00f1ala Pilar L\u00f3pez Pina. Tambi\u00e9n, han estrenado una nueva web <a href=\"https:\/\/theopenfaculty.com\/es\/the-open-faculty\/\" rel=\"sponsored\">www.theopenfaculty.com<\/a> desde la que se puede acceder a toda la nueva oferta de estudios, as\u00ed como a los plazos de matr\u00edcula de grados y m\u00e1ster en gesti\u00f3n de hotel que comienza en el mes de junio.<\/p>[vc_single_image image=\u00bb4957&#8243; img_size=\u00bbfull\u00bb add_caption=\u00bbyes\u00bb alignment=\u00bbcenter\u00bb]\n        <h2 class=\"\">Learning to be open minded<\/h2>\n    <p class=\"parrafocount\">El Centro Universitario The Open Faculty pretende con esta renovaci\u00f3n ofrecer nuevas disciplinas y ampliar su oferta de estudios. Jes\u00fas Pacheco, reciente incorporaci\u00f3n al equipo directivo indica \u201cNo queremos que nos encasillen en disciplinas de ciencias, ni de letras sino perfiles multidisciplinares de mente abierta\u201d.\u00a0 El nuevo enfoque que aporta la marca <strong>The Open Faculty<\/strong> inspira al ser creativo que todos llevamos dentro y renueva el enfoque de los estudios que imparten en <strong>Relaciones Internacionales, Turismo y M\u00e1ster en Gesti\u00f3n Hotelera.<\/strong><\/p>[vc_video link=\u00bbhttps:\/\/youtu.be\/ML91aePcIl4 \u00ab][\/vc_column][\/vc_row][vc_row centrar=\u00bbtrue\u00bb el_class=\u00bbgrid grid-pad\u00bb][vc_column el_class=\u00bbcol-1-1 tablet-col-1-1&#8243;]\n        <div class='bloque'>\n         <div class='compartir'><p>Compartir<\/p><ul>\n                <li class='facebook'>\n                            <a href='https:\/\/www.facebook.com\/sharer\/sharer.php?u=https:\/\/laverdad.es' class='bcl-compartir-fb' target='_blank' title='Compartelo en Facebook' rel='nofollow'>\n                        <i class='facebook'><\/i>\n                    <\/a>\n                <\/li><li class='twitter'>\n                    <a href='https:\/\/twitter.com\/intent\/tweet?text=https:\/\/laverdad.es' class='bcl-compartir-tw twitter' target='_blank' title='Compartelo en Twitter' rel='nofollow'>\n                        <i class='twitter'><\/i>\n                    <\/a>\n                <\/li><li class='whatsapp'>\n                    <a href='whatsapp:\/\/send?text=https:\/\/laverdad.es' class='whatsapp' target='_blank' title='Compartelo en whatsapp' rel='nofollow'>\n                        <i class='whatsapp'><\/i>\n                    <\/a>\n                <\/li>\n                   <\/ul><\/div>\n        <div class='pie-ad '>\n            <p>Contenido para<strong>\u00a0The Open Faculty<\/strong>\u00a0 editado por <b>EFQ<\/b>.<\/p>\n        <\/div><\/div>[\/vc_column][\/vc_row][vc_row][vc_column][\/vc_column][\/vc_row][vc_row][vc_column][\/vc_column][\/vc_row]<\/p>\n","protected":false},"excerpt":{"rendered":"<p>[vc_row el_class=\u00bbcol-1-1 tablet-col-1-1&#8243;][vc_column el_class=\u00bbcol-1-1 tablet-col-1-1&#8243;][\/vc_column][\/vc_row][vc_row centrar=\u00bbtrue\u00bb el_class=\u00bbgrid grid-pad\u00bb][vc_column el_class=\u00bbcol-1-1 tablet-col-1-1&#8243;][\/vc_column][\/vc_row][vc_row centrar=\u00bbtrue\u00bb el_class=\u00bbgrid grid-pad\u00bb][vc_column el_class=\u00bbcol-10-12 tablet-col-1-1&#8243;][\/vc_column][\/vc_row][vc_row centrar=\u00bbtrue\u00bb el_class=\u00bbgrid grid-pad\u00bb][vc_column el_class=\u00bbcol-10-12 tablet-col-1-1&#8243;][vc_single_image image=\u00bb4897&#8243; img_size=\u00bbfull\u00bb add_caption=\u00bbyes\u00bb alignment=\u00bbcenter\u00bb][vc_single_image image=\u00bb4957&#8243; img_size=\u00bbfull\u00bb add_caption=\u00bbyes\u00bb alignment=\u00bbcenter\u00bb][vc_video link=\u00bbhttps:\/\/youtu.be\/ML91aePcIl4 \u00ab][\/vc_column][\/vc_row][vc_row centrar=\u00bbtrue\u00bb el_class=\u00bbgrid grid-pad\u00bb][vc_column el_class=\u00bbcol-1-1 tablet-col-1-1&#8243;][\/vc_column][\/vc_row][vc_row][vc_column][\/vc_column][\/vc_row][vc_row][vc_column][\/vc_column][\/vc_row]<\/p>\n","protected":false},"author":19,"featured_media":0,"comment_status":"open","ping_status":"open","sticky":false,"template":"","format":"standard","meta":[],"categories":[1],"tags":[],"acf":[],"_links":{"self":[{"href":"\/content-local\/wp-json\/wp\/v2\/posts\/4839"}],"collection":[{"href":"\/content-local\/wp-json\/wp\/v2\/posts"}],"about":[{"href":"\/content-local\/wp-json\/wp\/v2\/types\/post"}],"author":[{"embeddable":true,"href":"\/content-local\/wp-json\/wp\/v2\/users\/19"}],"replies":[{"embeddable":true,"href":"\/content-local\/wp-json\/wp\/v2\/comments?post=4839"}],"version-history":[{"count":28,"href":"\/content-local\/wp-json\/wp\/v2\/posts\/4839\/revisions"}],"predecessor-version":[{"id":5114,"href":"\/content-local\/wp-json\/wp\/v2\/posts\/4839\/revisions\/5114"}],"wp:attachment":[{"href":"\/content-local\/wp-json\/wp\/v2\/media?parent=4839"}],"wp:term":[{"taxonomy":"category","embeddable":true,"href":"\/content-local\/wp-json\/wp\/v2\/categories?post=4839"},{"taxonomy":"post_tag","embeddable":true,"href":"\/content-local\/wp-json\/wp\/v2\/tags?post=4839"}],"curies":[{"name":"wp","href":"https:\/\/api.w.org\/{rel}","templated":true}]}}